{"id":235,"date":"2024-12-05T10:00:41","date_gmt":"2024-12-05T13:00:41","guid":{"rendered":"https:\/\/generacionpopup.com.ar\/?p=235"},"modified":"2024-12-02T12:02:56","modified_gmt":"2024-12-02T15:02:56","slug":"el-nuevo-ipad-mini-es-compatible-con-final-cut-pro","status":"publish","type":"post","link":"https:\/\/generacionpopup.com.ar\/?p=235","title":{"rendered":"El nuevo iPad mini es compatible con Final Cut Pro"},"content":{"rendered":"<p>Apple ha lanzado un nuevo iPad mini de 7\u00aa generaci\u00f3n con chip A17 Pro que <strong>sigue manteniendo la misma esencia que la anterior entrega<\/strong> y que no trae muchas diferencias con respecto al iPad mini de 6\u00aa generaci\u00f3n salvo por su procesador, que es el mismo que encontramos en el iPhone 15 Pro y en el iPhone 15 Pro Max.<\/p>\n<p>Efectivamente, no ha habido grandes cambios entre los dos \u00faltimos iPad mini de Apple a pesar de que los separan tres a\u00f1os de diferencia. <strong>Pero en t\u00e9rminos de rendimiento el nuevo iPad mini de 2024 representa un gran salto generacional<\/strong>.<\/p>\n<p>Una clara muestra de ello reside en su <strong>compatibilidad con aplicaciones de alta exigencia como Final Cut Pro<\/strong>, que lleg\u00f3 al iPad Air con chip M1 y al iPad Pro con chips M1 y M2 a mediados de 2023.<\/p>\n<p>Se confirma que el iPad mini de 7\u00aa generaci\u00f3n es compatible con aplicaciones de alto rendimiento como <strong>Final Cut Pro<\/strong> a pesar de no contar con un chip de la serie M de Apple Silicon.<\/p>\n<p>Apple ha actualizado la lista de dispositivos compatibles con Final Cut Pro en la App Store con el chip A17 Pro del iPad mini. <strong>La aplicaci\u00f3n de edici\u00f3n de v\u00eddeo de Apple es una de las m\u00e1s potentes del mercado<\/strong> y ahora los usuarios de iPad mini 7 tambi\u00e9n podr\u00e1n usarla.<\/p>\n<p>Ahora bien, <strong>algunas de las funciones de Final Cut Pro no son compatibles<\/strong> con la tablet de menores dimensiones de Apple debido a ciertas limitaciones de hardware. El iPad mini de 7\u00aa generaci\u00f3n tambi\u00e9n es compatible con la aplicaci\u00f3n Logic Pro.<\/p>\n<p>Sin embargo, esta buena noticia para usuarios de iPad mini ha venido acompa\u00f1ada de una mala noticia. <strong>El iPad mini de 7\u00aa generaci\u00f3n no ofrece soporte para Organizador Visual<\/strong>, tambi\u00e9n conocido como Stage Manager.<\/p>\n<p>Organizador Visual es un modo de multitarea que se introdujo con iPadOS 16 y que permite organizar las aplicaciones abiertas en formato de ventanas como si el sistema operativo se convirtiera en una plataforma de escritorio. <strong>Las ventanas se pueden redimensionar y colocar en cualquier posici\u00f3n de la pantalla<\/strong>. Adem\u00e1s, Organizador Visual incorpora una peque\u00f1a barra lateral que muestra una miniatura con la previsualizaci\u00f3n de todas las aplicaciones que est\u00e9n abiertas. Tiene un l\u00edmite de 4 aplicaciones en cada sector.<\/p>\n<p>El hecho de que el iPad mini de 7\u00aa generaci\u00f3n no sea compatible con Organizador Visual no tiene nada que ver con la potencia del chip A17 Pro. En realidad se debe m\u00e1s bien a sus dimensiones. Mientras que el iPad Air y el iPad Pro cuentan con pantallas de 11 pulgadas, 12 pulgadas y 13 pulgadas, <strong>el iPad mini de 7\u00aa generaci\u00f3n se limita a las 8,3 pulgadas<\/strong>.<\/p>\n<p>Por otra parte, tambi\u00e9n es rese\u00f1able destacar que el iPad mini de 7\u00aa generaci\u00f3n es compatible con Apple Intelligence, que se lanzar\u00e1 oficialmente (en ingl\u00e9s) con la llegada de iOS 18.1. El iPad mini con chip A17 Pro se ha lanzado el d\u00eda <strong>23 de octubre de 2024<\/strong> y est\u00e1 disponible a partir de <strong>599 euros<\/strong>.<\/p>\n","protected":false},"excerpt":{"rendered":"<p>Apple ha lanzado un nuevo iPad mini de 7\u00aa generaci\u00f3n con chip A17 Pro que sigue manteniendo la misma esencia que la anterior entrega y&#8230;<\/p>\n","protected":false},"author":1,"featured_media":236,"comment_status":"open","ping_status":"open","sticky":false,"template":"","format":"standard","meta":{"footnotes":""},"categories":[16],"tags":[5,52,53],"acf":[],"_links":{"self":[{"href":"https:\/\/generacionpopup.com.ar\/index.php?rest_route=\/wp\/v2\/posts\/235"}],"collection":[{"href":"https:\/\/generacionpopup.com.ar\/index.php?rest_route=\/wp\/v2\/posts"}],"about":[{"href":"https:\/\/generacionpopup.com.ar\/index.php?rest_route=\/wp\/v2\/types\/post"}],"author":[{"embeddable":true,"href":"https:\/\/generacionpopup.com.ar\/index.php?rest_route=\/wp\/v2\/users\/1"}],"replies":[{"embeddable":true,"href":"https:\/\/generacionpopup.com.ar\/index.php?rest_route=%2Fwp%2Fv2%2Fcomments&post=235"}],"version-history":[{"count":1,"href":"https:\/\/generacionpopup.com.ar\/index.php?rest_route=\/wp\/v2\/posts\/235\/revisions"}],"predecessor-version":[{"id":237,"href":"https:\/\/generacionpopup.com.ar\/index.php?rest_route=\/wp\/v2\/posts\/235\/revisions\/237"}],"wp:featuredmedia":[{"embeddable":true,"href":"https:\/\/generacionpopup.com.ar\/index.php?rest_route=\/wp\/v2\/media\/236"}],"wp:attachment":[{"href":"https:\/\/generacionpopup.com.ar\/index.php?rest_route=%2Fwp%2Fv2%2Fmedia&parent=235"}],"wp:term":[{"taxonomy":"category","embeddable":true,"href":"https:\/\/generacionpopup.com.ar\/index.php?rest_route=%2Fwp%2Fv2%2Fcategories&post=235"},{"taxonomy":"post_tag","embeddable":true,"href":"https:\/\/generacionpopup.com.ar\/index.php?rest_route=%2Fwp%2Fv2%2Ftags&post=235"}],"curies":[{"name":"wp","href":"https:\/\/api.w.org\/{rel}","templated":true}]}}