{"id":524,"date":"2025-08-13T21:00:55","date_gmt":"2025-08-14T00:00:55","guid":{"rendered":"https:\/\/generacionpopup.com.ar\/?p=524"},"modified":"2025-08-31T22:01:38","modified_gmt":"2025-09-01T01:01:38","slug":"no-mas-actualizaciones-permanentes-en-pausa","status":"publish","type":"post","link":"https:\/\/generacionpopup.com.ar\/?p=524","title":{"rendered":"No m\u00e1s actualizaciones permanentes en pausa"},"content":{"rendered":"<article class=\"article-body article-body--third-paragraph\">Hasta ahora, los usuarios pod\u00edan pausar las actualizaciones de manera indefinida. <strong>Con la nueva actualizaci\u00f3n, Microsoft solo permite retrasarlas entre una y cinco semanas, dependiendo de la necesidad:<\/strong><\/p>\n<\/article>\n<article class=\"article-body article-body--fourth-paragraph\">\n<ul>\n<li aria-level=\"1\">1 semana (7 d\u00edas): Pausa corta para esperar reportes iniciales sobre posibles errores.<\/li>\n<li aria-level=\"1\">3 semanas (21 d\u00edas): Retraso intermedio para permitir que se lancen parches a actualizaciones problem\u00e1ticas.<\/li>\n<li aria-level=\"1\">5 semanas (35 d\u00edas): M\u00e1xima dilaci\u00f3n posible para proyectos cr\u00edticos que requieren estabilidad.<\/li>\n<\/ul>\n<p>Una vez pasado este per\u00edodo,<strong> las actualizaciones se instalar\u00e1n de manera obligatoria. <\/strong>Este cambio impide a los usuarios mantener versiones previas de sus aplicaciones, lo que puede ser un problema para quienes dependen de compatibilidades espec\u00edficas o prefieren evitar cambios en ciertas funciones.<\/p>\n<\/article>\n","protected":false},"excerpt":{"rendered":"<p>Hasta ahora, los usuarios pod\u00edan pausar las actualizaciones de manera indefinida. Con la nueva actualizaci\u00f3n, Microsoft solo permite retrasarlas entre una y cinco semanas, dependiendo&#8230;<\/p>\n","protected":false},"author":1,"featured_media":525,"comment_status":"open","ping_status":"open","sticky":false,"template":"","format":"standard","meta":{"footnotes":""},"categories":[1],"tags":[],"acf":[],"_links":{"self":[{"href":"https:\/\/generacionpopup.com.ar\/index.php?rest_route=\/wp\/v2\/posts\/524"}],"collection":[{"href":"https:\/\/generacionpopup.com.ar\/index.php?rest_route=\/wp\/v2\/posts"}],"about":[{"href":"https:\/\/generacionpopup.com.ar\/index.php?rest_route=\/wp\/v2\/types\/post"}],"author":[{"embeddable":true,"href":"https:\/\/generacionpopup.com.ar\/index.php?rest_route=\/wp\/v2\/users\/1"}],"replies":[{"embeddable":true,"href":"https:\/\/generacionpopup.com.ar\/index.php?rest_route=%2Fwp%2Fv2%2Fcomments&post=524"}],"version-history":[{"count":1,"href":"https:\/\/generacionpopup.com.ar\/index.php?rest_route=\/wp\/v2\/posts\/524\/revisions"}],"predecessor-version":[{"id":526,"href":"https:\/\/generacionpopup.com.ar\/index.php?rest_route=\/wp\/v2\/posts\/524\/revisions\/526"}],"wp:featuredmedia":[{"embeddable":true,"href":"https:\/\/generacionpopup.com.ar\/index.php?rest_route=\/wp\/v2\/media\/525"}],"wp:attachment":[{"href":"https:\/\/generacionpopup.com.ar\/index.php?rest_route=%2Fwp%2Fv2%2Fmedia&parent=524"}],"wp:term":[{"taxonomy":"category","embeddable":true,"href":"https:\/\/generacionpopup.com.ar\/index.php?rest_route=%2Fwp%2Fv2%2Fcategories&post=524"},{"taxonomy":"post_tag","embeddable":true,"href":"https:\/\/generacionpopup.com.ar\/index.php?rest_route=%2Fwp%2Fv2%2Ftags&post=524"}],"curies":[{"name":"wp","href":"https:\/\/api.w.org\/{rel}","templated":true}]}}