{"id":69,"date":"2023-08-03T10:00:21","date_gmt":"2023-08-03T13:00:21","guid":{"rendered":"https:\/\/generacionpopup.com.ar\/?p=69"},"modified":"2025-03-25T11:03:26","modified_gmt":"2025-03-25T14:03:26","slug":"nuevas-fibras-opticas-para-la-computacion-cuantica","status":"publish","type":"post","link":"https:\/\/generacionpopup.com.ar\/?p=69","title":{"rendered":"Nuevas fibras \u00f3pticas para la computaci\u00f3n cu\u00e1ntica"},"content":{"rendered":"<p><em>F\u00edsicos de la Universidad de Bath han desarrollado una nueva generaci\u00f3n de fibras \u00f3pticas para hacer frente a los desaf\u00edos de transferencia de datos en la futura era de la computaci\u00f3n cu\u00e1ntica.<\/em><\/p>\n<p>Las tecnolog\u00edas cu\u00e1nticas prometen proporcionar una potencia computacional sin precedentes, lo que permitir\u00e1 resolver problemas l\u00f3gicos complejos, desarrollar nuevos medicamentos y proporcionar t\u00e9cnicas criptogr\u00e1ficas inquebrantables para comunicaciones seguras.<\/p>\n<p>Sin embargo, es probable que las redes de cable que se utilizan hoy en d\u00eda para transmitir informaci\u00f3n por todo el mundo no sean \u00f3ptimas para las comunicaciones cu\u00e1nticas, debido a los n\u00facleos s\u00f3lidos de sus fibras \u00f3pticas.<\/p>\n<p>A diferencia de las fibras \u00f3pticas normales, las fibras especiales fabricadas en Bath tienen un n\u00facleo microestructurado, que consiste en un patr\u00f3n complejo de bolsas de aire que recorren toda la longitud de la fibra.<\/p>\n<p>El patr\u00f3n de estas bolsas de aire es lo que permite a los investigadores manipular las propiedades de la luz dentro de la fibra y crear pares de fotones entrelazados, cambiar el color de los fotones o incluso atrapar \u00e1tomos individuales dentro de las fibras <em>&#8220;Las fibras \u00f3pticas convencionales, que son el caballo de batalla de nuestras redes de telecomunicaciones de hoy, transmiten luz en longitudes de onda que est\u00e1n totalmente regidas por las p\u00e9rdidas del vidrio de s\u00edlice. <\/em><em>Sin embargo, estas longitudes de onda no son compatibles con las longitudes de onda operativas de las fuentes de fot\u00f3n \u00fanico, los qubits y los componentes \u00f3pticos activos, que se requieren para las tecnolog\u00edas cu\u00e1nticas basadas en la luz&#8221;<\/em>, explic\u00f3 en un comunicado Kristina Rusimova, del Departamento de F\u00edsica de Bath y autora principal del estudio, que se publica en Applied Quantum Physics Letters.<\/p>\n<p>En su perspectiva, los investigadores analizan los desaf\u00edos asociados a la Internet cu\u00e1ntica desde el punto de vista de la tecnolog\u00eda de fibra \u00f3ptica y presentan una serie de posibles soluciones para la escalabilidad de una red cu\u00e1ntica robusta y de gran escala. Esto abarca tanto las fibras que se utilizar\u00e1n para la comunicaci\u00f3n de largo alcance como las fibras especiales que permitir\u00e1n la integraci\u00f3n de repetidores cu\u00e1nticos directamente en la red para ampliar la distancia en la que puede operar esta tecnolog\u00eda.<\/p>\n<p>Tambi\u00e9n describen c\u00f3mo las fibras \u00f3pticas especiales pueden ir m\u00e1s all\u00e1 de conectar nodos de una red para implementar la computaci\u00f3n cu\u00e1ntica en los propios nodos al actuar como fuentes de fotones individuales entrelazados, convertidores de longitud de onda cu\u00e1ntica, conmutadores de baja p\u00e9rdida o contenedores para memorias cu\u00e1nticas.<\/p>\n","protected":false},"excerpt":{"rendered":"<p>F\u00edsicos de la Universidad de Bath han desarrollado una nueva generaci\u00f3n de fibras \u00f3pticas para hacer frente a los desaf\u00edos de transferencia de datos en&#8230;<\/p>\n","protected":false},"author":1,"featured_media":70,"comment_status":"open","ping_status":"open","sticky":false,"template":"","format":"standard","meta":{"footnotes":""},"categories":[2],"tags":[17],"acf":[],"_links":{"self":[{"href":"https:\/\/generacionpopup.com.ar\/index.php?rest_route=\/wp\/v2\/posts\/69"}],"collection":[{"href":"https:\/\/generacionpopup.com.ar\/index.php?rest_route=\/wp\/v2\/posts"}],"about":[{"href":"https:\/\/generacionpopup.com.ar\/index.php?rest_route=\/wp\/v2\/types\/post"}],"author":[{"embeddable":true,"href":"https:\/\/generacionpopup.com.ar\/index.php?rest_route=\/wp\/v2\/users\/1"}],"replies":[{"embeddable":true,"href":"https:\/\/generacionpopup.com.ar\/index.php?rest_route=%2Fwp%2Fv2%2Fcomments&post=69"}],"version-history":[{"count":1,"href":"https:\/\/generacionpopup.com.ar\/index.php?rest_route=\/wp\/v2\/posts\/69\/revisions"}],"predecessor-version":[{"id":71,"href":"https:\/\/generacionpopup.com.ar\/index.php?rest_route=\/wp\/v2\/posts\/69\/revisions\/71"}],"wp:featuredmedia":[{"embeddable":true,"href":"https:\/\/generacionpopup.com.ar\/index.php?rest_route=\/wp\/v2\/media\/70"}],"wp:attachment":[{"href":"https:\/\/generacionpopup.com.ar\/index.php?rest_route=%2Fwp%2Fv2%2Fmedia&parent=69"}],"wp:term":[{"taxonomy":"category","embeddable":true,"href":"https:\/\/generacionpopup.com.ar\/index.php?rest_route=%2Fwp%2Fv2%2Fcategories&post=69"},{"taxonomy":"post_tag","embeddable":true,"href":"https:\/\/generacionpopup.com.ar\/index.php?rest_route=%2Fwp%2Fv2%2Ftags&post=69"}],"curies":[{"name":"wp","href":"https:\/\/api.w.org\/{rel}","templated":true}]}}